{"id":13313,"date":"2019-10-03T14:28:33","date_gmt":"2019-10-03T12:28:33","guid":{"rendered":"https:\/\/www.clubdelviatger.cat\/durante-el-otono-tambien-se-viaja\/"},"modified":"2019-10-03T14:28:33","modified_gmt":"2019-10-03T12:28:33","slug":"durante-el-otono-tambien-se-viaja","status":"publish","type":"post","link":"https:\/\/www.clubdelviatger.cat\/es\/durante-el-otono-tambien-se-viaja\/","title":{"rendered":"Durante el oto\u00f1o tambi\u00e9n se viaja"},"content":{"rendered":"<p>[vc_row][vc_column][vc_single_image image=\u00bb29712&#8243; img_size=\u00bbmedium\u00bb][vc_column_text]La mayor\u00eda de la gente sigue viajando mayoritariamente durante el verano, ya que laboralmente hablando est\u00e1 el mes de agosto que queda inh\u00e1bil y much\u00edsima gente aprovecha estas fechas para conseguir este merecido descanso. Dependiendo del sector laboral, como hosteler\u00eda, servicios o turismo en el mes de agosto es cuando m\u00e1s trabajan y son estos sectores que esperan a hacer sus vacaciones principales durante el oto\u00f1o. Sin embargo, cada vez son m\u00e1s los que reservan, a pesar de haber disfrutado de las vacaciones de agosto, de unos d\u00edas de oto\u00f1o para hacer unas peque\u00f1as escapadas. El oto\u00f1o es ideal para poder viajar sin las habituales masificaciones de gente y poder contemplar de unos paisajes cambiantes del verde primaveral y estival a las tonalidades rojices, naranjas y moradas propias de esta estaci\u00f3n. Las caracter\u00edsticas propias del oto\u00f1o son los colores de los paisajes, una temperatura m\u00e1s fresca y una fascinante luminosidad.<br \/>\nA continuaci\u00f3n te queremos recomendar varios destinos para todos los gustos, perfectos para el oto\u00f1o.<\/p>\n<p> [\/vc_column_text][\/vc_column][\/vc_row][vc_row][vc_column width=\u00bb1\/2&#8243;][vc_column_text]<em><strong>Cuba, la isla eterna<\/strong><\/em><\/p>\n<p>\u201c<em>Por las venas de Cuba no corre sangre, sino fuego: melodioso fuego que derrite texturas y obst\u00e1culos, que impide la mesura y, muchas veces, la reflexi\u00f3n. Pero as\u00ed somos, y \u00e9se es nuestro mayor encanto y defecto: estamos hechos de m\u00fasica <\/em>&#8211; Daina Chaviano, escritora cubana. Cuba es ir m\u00e1s all\u00e1 de nuestros l\u00edmites, es pa\u00eds para so\u00f1ar al ritmo de la rumba y recordarlo despu\u00e9s con un bolero. [\/vc_column_text][\/vc_column][vc_column width=\u00bb1\/2&#8243;][vc_video link=\u00bbhttps:\/\/youtu.be\/PS8mb59hGwU\u00bb][vc_btn title=\u00bbQUIERO SABER M\u00c1S &#8230;\u00bb color=\u00bbgreen\u00bb size=\u00bbsm\u00bb link=\u00bburl:https%3A%2F%2Fwww.clubdelviatger.cat%2Fviatges%2Fcuba-2%2F|title:Cuba%2C%20l%E2%80%99illa%20eterna||\u00bb][\/vc_column][\/vc_row][vc_row][vc_column width=\u00bb1\/2&#8243;][vc_column_text]<em><strong>Navarra y una cata del pa\u00eds vasco franc\u00e9s (I) &#8211; (II)  <\/strong><\/em><\/p>\n<p>Visitaremos el Valle de Baztan, la llamada Suiza navarra, con su rica historia e identidad propia. Los amantes de la fotograf\u00eda disfrutar\u00e1n de paisajes espectaculares en los bosques milenarios de Se\u00f1or\u00edo de Bertiz y se impresionar\u00e1n en las gargantas de Arbay\u00fan. Nos acercaremos al tradicional y marinero Pa\u00eds Vasco franc\u00e9s, visitaremos la pintoresca San Juan de Luz y la acogedora Ainhoa, con sus construcciones tradicionales y conoceremos su rico patrimonio hist\u00f3rico y cultural.  [\/vc_column_text][\/vc_column][vc_column width=\u00bb1\/2&#8243;][vc_video link=\u00bbhttps:\/\/youtu.be\/G_7M3F1XAAs\u00bb][vc_btn title=\u00bbQUIERO SABER M\u00c1S &#8230;\u00bb color=\u00bbgreen\u00bb size=\u00bbsm\u00bb link=\u00bburl:https%3A%2F%2Fwww.clubdelviatger.cat%2Fviatges%2Fnavarra-1%2F|title:La%20meravellosa%20Navarra%20i%20un%20tast%20del%20Pa%C3%ADs%20Basc%20Franc%C3%A8s%20(I)||\u00bb][\/vc_column][\/vc_row][vc_row][vc_column width=\u00bb1\/2&#8243;][vc_column_text]<em><strong>Creta, la isla del Minot\u00e1ureo<\/strong><\/em><\/p>\n<p>Zeus escogi\u00f3 Creta para llevar a la joven Europa, la isla m\u00e1s grande de Grecia se convert\u00eda as\u00ed en el escenario de los mitos del laberinto y el minotiano, sus costas alzar\u00edan el vuelo de Icar quien pretend\u00eda volar hasta el sol y el rey Minos acabar\u00eda dando nombre a una de las primeras grandes civilizaciones de Occidente, la cultura minoica. Al sur del Mediterr\u00e1neo Creta es un destino imprescindible para los amantes de la naturaleza, la historia y la Antig\u00fcedad. [\/vc_column_text][\/vc_column][vc_column width=\u00bb1\/2&#8243;][vc_video link=\u00bbhttps:\/\/youtu.be\/PMisNY_LP3s\u00bb][vc_btn title=\u00bbQUIERO SABER M\u00c1S &#8230;\u00bb color=\u00bbgreen\u00bb size=\u00bbsm\u00bb link=\u00bburl:https%3A%2F%2Fwww.clubdelviatger.cat%2Fviatges%2Fcreta-illa%2F|title:Creta%2C%20L%E2%80%99illa%20del%20Minotaure||\u00bb][\/vc_column][\/vc_row][vc_row][vc_column width=\u00bb1\/2&#8243;][vc_column_text]<em><strong>Egipto, tierra de faraones<\/strong><\/em><\/p>\n<p>Viajaremos por el r\u00edo Nilo a bordo de uno de los mejores cruceros, el barco MyFair alojados en cabinas Deluxe. Este crucero nos permitir\u00e1 recorrer pausadamente las tierras de Egipto a trav\u00e9s de su arteria principal, el r\u00edo Nilo, deteni\u00e9ndonos en numerosos monumentos y disfrutando de sus verdes bordes y de unas puestas y salidas de sol \u00fanicas. El Cairo, las pir\u00e1mides de Gizeh ser\u00e1n tambi\u00e9n punto de visita de nuestro viaje.  [\/vc_column_text][\/vc_column][vc_column width=\u00bb1\/2&#8243;][vc_video link=\u00bbhttps:\/\/youtu.be\/2C3TYgRvqnk\u00bb][vc_btn title=\u00bbQUIERO SABER M\u00c1S &#8230;\u00bb color=\u00bbgreen\u00bb size=\u00bbsm\u00bb][\/vc_column][\/vc_row][vc_row][vc_column width=\u00bb1\/2&#8243;][vc_column_text]<em><strong>Terra Santa<\/strong><\/em><\/p>\n<p>Probablemente no hay otro lugar en el mundo donde la paz y la guerra hayan sido durante centurias compa\u00f1eras inseparables de su biograf\u00eda. Tierra Santa, el trozo de tierra prometido donde a lo largo de dos mil a\u00f1os han dejado su huella los profetas y los reyes b\u00edblicos, los croatas y los peregrinos. La tierra de las dos pazes, la paz celestial y la paz terrenal, siempre deseada por las pol\u00edticas y habitantes de todos los tiempos.  [\/vc_column_text][\/vc_column][vc_column width=\u00bb1\/2&#8243;][vc_video link=\u00bbhttps:\/\/youtu.be\/e-5Sojtkahw\u00bb][vc_btn title=\u00bbQUIERO SABER M\u00c1S &#8230;\u00bb color=\u00bbgreen\u00bb size=\u00bbsm\u00bb][\/vc_column][\/vc_row][vc_row][vc_column width=\u00bb1\/2&#8243;][vc_column_text]<em><strong>Viajes Sorpresa I y II<\/strong><\/em><\/p>\n<p>Un a\u00f1o m\u00e1s os proponemos que confi\u00e9is con nosotros, que os dej\u00e9is llevar por la confianza que nos ten\u00e9is y que jug\u00e1is a adivinar el lugar de destino. Dos salidas exactamente iguales con todos los servicios habituales del Club del Viatger. Desvelaremos el destino pocas semanas antes en el encuentro que realizamos entre todos los agobiados viajeros.  [\/vc_column_text][\/vc_column][vc_column width=\u00bb1\/2&#8243;][vc_video link=\u00bbhttps:\/\/www.youtube.com\/watch?v=G_7M3F1XAAs\u00bb][vc_btn title=\u00bbQUIERO SABER M\u00c1S &#8230;\u00bb color=\u00bbgreen\u00bb size=\u00bbsm\u00bb][\/vc_column][\/vc_row][vc_row][vc_column width=\u00bb1\/2&#8243;][vc_column_text]<em><strong>Caballer\u00eda Rusticana y Pagliacci en el Liceo<\/strong><\/em><\/p>\n<p>Caballer\u00eda Rusticana de Mascagni y Pagliacci de Leoncavallo, dos grandes obras maestras de la \u00f3pera italiana, llegan al Liceo, en una de las producciones m\u00e1s aclamadas de la Royal Opera House, ganadora en 2016 del Premio Laurence Olivier al mejor espect\u00e1culo oper\u00edstico y con la voz del prestigioso tenor Roberto Alagna interpretando el doble papel de Turiddu y Canio. Antes sin embargo, os proponemos un interesant\u00edsimo recorrido para conocer el pasado romano de la ciudad, descubriendo algunos de los vestigios con m\u00e1s de 2.000 a\u00f1os de antig\u00fcedad que a\u00fan se conservan, y aprenderemos de muy cerca, como fue el nacimiento, la evoluci\u00f3n, la forma de vida y la decadencia de este imperio en la ciudad condal.<\/p>\n<p>[\/vc_column_text][vc_separator][\/vc_column][vc_column width=\u00bb1\/2&#8243;][vc_images_carousel images=\u00bb34784,34786,34788,34790&#8243; img_size=\u00bb400&#215;300&#8243;][\/vc_column][\/vc_row][vc_row][vc_column][vc_column_text]<\/p>\n<h2>Viajes de invierno que no puedes perderte!<\/h2>\n<p>[\/vc_column_text][\/vc_column][\/vc_row][vc_row][vc_column width=\u00bb1\/2&#8243;][vc_column_text]<em><strong>A\u00f1o Nuevo entre auroras en Islandia<\/strong><\/em><\/p>\n<p>Os proponemos un fin de a\u00f1o de sue\u00f1o en Islandia. Vive el ambiente festivo del fin de a\u00f1o en Reykjavik y disfruta de este d\u00eda tan especial acompa\u00f1ado de los fuegos artificiales y las hogueras de medianoche, los aut\u00e9nticos protagonistas de la noche que llenar\u00e1n el cielo de luz y color y har\u00e1n que esta noche sea inolvidable. [\/vc_column_text][\/vc_column][vc_column width=\u00bb1\/2&#8243;][vc_video link=\u00bbhttps:\/\/youtu.be\/SNipPEDt_2s\u00bb][vc_btn title=\u00bbQUIERO SABER M\u00c1S &#8230;\u00bb color=\u00bbgreen\u00bb size=\u00bbsm\u00bb link=\u00bburl:https%3A%2F%2Fwww.clubdelviatger.cat%2Fviatges%2Fcap-dany-entre-aurores-a-islandia%2F|title:Cap%20d%E2%80%99Any%20entre%20aurores%20a%20Isl%C3%A0ndia||\u00bb][\/vc_column][\/vc_row][vc_row][vc_column width=\u00bb1\/2&#8243;][vc_column_text]<em><strong>Crucero de A\u00f1o Nuevo en el valle del Rin Rom\u00e1ntico<\/strong><\/em><\/p>\n<p>Disfruta de un fin de a\u00f1o inolvidable navegando a bordo del buque MS Gerard Schmitter de 5 anclas por el Valle del Rin Rom\u00e1ntico, declarada Patrimonio de la Humanidad, adentr\u00e1ndonos en un territorio en el que se mezclan la historia y la leyenda. Navegaremos con la compa\u00f1\u00eda Crosieurope por un r\u00edo que ha sido durante m\u00e1s de dos mil a\u00f1os una de las principales v\u00edas de comunicaci\u00f3n entre la Europa mediterr\u00e1nea y la septentrional, admirando el cautivador paisaje formado por meandros, suaves promontorios, imponentes castillos y pintorescos pueblos rodeados de vi\u00f1as, que han cautivado la imaginaci\u00f3n de reconocidos escritores,  pintores y m\u00fasicos como Goethe o V\u00edctor Hugo. . <\/p>\n<p>[\/vc_column_text][\/vc_column][vc_column width=\u00bb1\/2&#8243;][vc_images_carousel images=\u00bb34805,34807,34809,34811&#8243; img_size=\u00bb400&#215;300&#8243;][\/vc_column][\/vc_row][vc_row][vc_column][vc_column_text]<\/p>\n<h2>\u00abUna buena compa\u00f1\u00eda es el \u00e9xito de cualquier viaje\u00bb<\/h2>\n<p>[\/vc_column_text][\/vc_column][\/vc_row]<\/p>\n","protected":false},"excerpt":{"rendered":"<p>La mayor\u00eda de la gente sigue viajando mayoritariamente durante el verano, ya que laboralmente hablando est\u00e1 el mes de agosto que queda inh\u00e1bil y much\u00edsima gente aprovecha estas fechas para conseguir este merecido descanso.<\/p>\n","protected":false},"author":1,"featured_media":0,"comment_status":"open","ping_status":"closed","sticky":false,"template":"","format":"standard","meta":{"footnotes":""},"categories":[97],"tags":[],"class_list":["post-13313","post","type-post","status-publish","format-standard","hentry","category-actualidad"],"yoast_head":"<!-- This site is optimized with the Yoast SEO plugin v27.5 - https:\/\/yoast.com\/product\/yoast-seo-wordpress\/ -->\n<title>Durante el oto\u00f1o tambi\u00e9n se viaja &#8226; Club del Viatger<\/title>\n<meta name=\"robots\" content=\"index, follow, max-snippet:-1, max-image-preview:large, max-video-preview:-1\" \/>\n<link rel=\"canonical\" href=\"https:\/\/www.clubdelviatger.cat\/es\/durante-el-otono-tambien-se-viaja\/\" \/>\n<meta property=\"og:locale\" content=\"es_ES\" \/>\n<meta property=\"og:type\" content=\"article\" \/>\n<meta property=\"og:title\" content=\"Durante el oto\u00f1o tambi\u00e9n se viaja &#8226; Club del Viatger\" \/>\n<meta property=\"og:description\" content=\"La mayor\u00eda de la gente sigue viajando mayoritariamente durante el verano, ya que laboralmente hablando est\u00e1 el mes de agosto que queda inh\u00e1bil y much\u00edsima gente aprovecha estas fechas para conseguir este merecido descanso.\" \/>\n<meta property=\"og:url\" content=\"https:\/\/www.clubdelviatger.cat\/es\/durante-el-otono-tambien-se-viaja\/\" \/>\n<meta property=\"og:site_name\" content=\"Club del Viatger\" \/>\n<meta property=\"article:publisher\" content=\"https:\/\/www.facebook.com\/clubdelviatger.cat\/\" \/>\n<meta property=\"article:published_time\" content=\"2019-10-03T12:28:33+00:00\" \/>\n<meta property=\"og:image\" content=\"https:\/\/www.clubdelviatger.cat\/wp-content\/uploads\/2024\/10\/Vietnam-agost-1.png\" \/>\n\t<meta property=\"og:image:width\" content=\"800\" \/>\n\t<meta property=\"og:image:height\" content=\"450\" \/>\n\t<meta property=\"og:image:type\" content=\"image\/png\" \/>\n<meta name=\"author\" content=\"Enric G\u00f3mez\" \/>\n<meta name=\"twitter:card\" content=\"summary_large_image\" \/>\n<meta name=\"twitter:label1\" content=\"Escrito por\" \/>\n\t<meta name=\"twitter:data1\" content=\"Enric G\u00f3mez\" \/>\n<script type=\"application\/ld+json\" class=\"yoast-schema-graph\">{\"@context\":\"https:\\\/\\\/schema.org\",\"@graph\":[{\"@type\":\"Article\",\"@id\":\"https:\\\/\\\/www.clubdelviatger.cat\\\/es\\\/durante-el-otono-tambien-se-viaja\\\/#article\",\"isPartOf\":{\"@id\":\"https:\\\/\\\/www.clubdelviatger.cat\\\/es\\\/durante-el-otono-tambien-se-viaja\\\/\"},\"author\":{\"name\":\"Enric G\u00f3mez\",\"@id\":\"https:\\\/\\\/www.clubdelviatger.cat\\\/es\\\/#\\\/schema\\\/person\\\/d1769a03b7cf663c5df357b68bc4a545\"},\"headline\":\"Durante el oto\u00f1o tambi\u00e9n se viaja\",\"datePublished\":\"2019-10-03T12:28:33+00:00\",\"mainEntityOfPage\":{\"@id\":\"https:\\\/\\\/www.clubdelviatger.cat\\\/es\\\/durante-el-otono-tambien-se-viaja\\\/\"},\"wordCount\":1524,\"commentCount\":0,\"publisher\":{\"@id\":\"https:\\\/\\\/www.clubdelviatger.cat\\\/es\\\/#organization\"},\"articleSection\":[\"Actualidad\"],\"inLanguage\":\"es\",\"potentialAction\":[{\"@type\":\"CommentAction\",\"name\":\"Comment\",\"target\":[\"https:\\\/\\\/www.clubdelviatger.cat\\\/es\\\/durante-el-otono-tambien-se-viaja\\\/#respond\"]}]},{\"@type\":\"WebPage\",\"@id\":\"https:\\\/\\\/www.clubdelviatger.cat\\\/es\\\/durante-el-otono-tambien-se-viaja\\\/\",\"url\":\"https:\\\/\\\/www.clubdelviatger.cat\\\/es\\\/durante-el-otono-tambien-se-viaja\\\/\",\"name\":\"Durante el oto\u00f1o tambi\u00e9n se viaja &#8226; Club del Viatger\",\"isPartOf\":{\"@id\":\"https:\\\/\\\/www.clubdelviatger.cat\\\/es\\\/#website\"},\"datePublished\":\"2019-10-03T12:28:33+00:00\",\"inLanguage\":\"es\",\"potentialAction\":[{\"@type\":\"ReadAction\",\"target\":[\"https:\\\/\\\/www.clubdelviatger.cat\\\/es\\\/durante-el-otono-tambien-se-viaja\\\/\"]}]},{\"@type\":\"WebSite\",\"@id\":\"https:\\\/\\\/www.clubdelviatger.cat\\\/es\\\/#website\",\"url\":\"https:\\\/\\\/www.clubdelviatger.cat\\\/es\\\/\",\"name\":\"Club del Viatger\",\"description\":\"L&#039;\u00e8xit de qualsevol viatge, \u00e9s una bona companyia\",\"publisher\":{\"@id\":\"https:\\\/\\\/www.clubdelviatger.cat\\\/es\\\/#organization\"},\"alternateName\":\"Club del Viatger\",\"potentialAction\":[{\"@type\":\"SearchAction\",\"target\":{\"@type\":\"EntryPoint\",\"urlTemplate\":\"https:\\\/\\\/www.clubdelviatger.cat\\\/es\\\/?s={search_term_string}\"},\"query-input\":{\"@type\":\"PropertyValueSpecification\",\"valueRequired\":true,\"valueName\":\"search_term_string\"}}],\"inLanguage\":\"es\"},{\"@type\":\"Organization\",\"@id\":\"https:\\\/\\\/www.clubdelviatger.cat\\\/es\\\/#organization\",\"name\":\"Club del Viatger\",\"url\":\"https:\\\/\\\/www.clubdelviatger.cat\\\/es\\\/\",\"logo\":{\"@type\":\"ImageObject\",\"inLanguage\":\"es\",\"@id\":\"https:\\\/\\\/www.clubdelviatger.cat\\\/es\\\/#\\\/schema\\\/logo\\\/image\\\/\",\"url\":\"https:\\\/\\\/www.clubdelviatger.cat\\\/wp-content\\\/uploads\\\/2024\\\/08\\\/ClubViatger-logo_512x512.png\",\"contentUrl\":\"https:\\\/\\\/www.clubdelviatger.cat\\\/wp-content\\\/uploads\\\/2024\\\/08\\\/ClubViatger-logo_512x512.png\",\"width\":512,\"height\":512,\"caption\":\"Club del Viatger\"},\"image\":{\"@id\":\"https:\\\/\\\/www.clubdelviatger.cat\\\/es\\\/#\\\/schema\\\/logo\\\/image\\\/\"},\"sameAs\":[\"https:\\\/\\\/www.facebook.com\\\/clubdelviatger.cat\\\/\",\"https:\\\/\\\/www.instagram.com\\\/clubdelviatger\\\/\",\"https:\\\/\\\/www.pinterest.es\\\/clubdelviatger\\\/\",\"https:\\\/\\\/www.youtube.com\\\/channel\\\/UCMgt7TAxt_Ci4Y19BPJy28A\\\/feed\"]},{\"@type\":\"Person\",\"@id\":\"https:\\\/\\\/www.clubdelviatger.cat\\\/es\\\/#\\\/schema\\\/person\\\/d1769a03b7cf663c5df357b68bc4a545\",\"name\":\"Enric G\u00f3mez\",\"image\":{\"@type\":\"ImageObject\",\"inLanguage\":\"es\",\"@id\":\"https:\\\/\\\/secure.gravatar.com\\\/avatar\\\/199378a53d8fd332facfa626e26765b3f6735a75e9c056e80bd62b6a88afc8ce?s=96&d=mm&r=g\",\"url\":\"https:\\\/\\\/secure.gravatar.com\\\/avatar\\\/199378a53d8fd332facfa626e26765b3f6735a75e9c056e80bd62b6a88afc8ce?s=96&d=mm&r=g\",\"contentUrl\":\"https:\\\/\\\/secure.gravatar.com\\\/avatar\\\/199378a53d8fd332facfa626e26765b3f6735a75e9c056e80bd62b6a88afc8ce?s=96&d=mm&r=g\",\"caption\":\"Enric G\u00f3mez\"},\"sameAs\":[\"https:\\\/\\\/www.clubdelviatger.cat\"]}]}<\/script>\n<!-- \/ Yoast SEO plugin. -->","yoast_head_json":{"title":"Durante el oto\u00f1o tambi\u00e9n se viaja &#8226; Club del Viatger","robots":{"index":"index","follow":"follow","max-snippet":"max-snippet:-1","max-image-preview":"max-image-preview:large","max-video-preview":"max-video-preview:-1"},"canonical":"https:\/\/www.clubdelviatger.cat\/es\/durante-el-otono-tambien-se-viaja\/","og_locale":"es_ES","og_type":"article","og_title":"Durante el oto\u00f1o tambi\u00e9n se viaja &#8226; Club del Viatger","og_description":"La mayor\u00eda de la gente sigue viajando mayoritariamente durante el verano, ya que laboralmente hablando est\u00e1 el mes de agosto que queda inh\u00e1bil y much\u00edsima gente aprovecha estas fechas para conseguir este merecido descanso.","og_url":"https:\/\/www.clubdelviatger.cat\/es\/durante-el-otono-tambien-se-viaja\/","og_site_name":"Club del Viatger","article_publisher":"https:\/\/www.facebook.com\/clubdelviatger.cat\/","article_published_time":"2019-10-03T12:28:33+00:00","og_image":[{"url":"https:\/\/www.clubdelviatger.cat\/wp-content\/uploads\/2024\/10\/Vietnam-agost-1.png","width":800,"height":450,"type":"image\/png"}],"author":"Enric G\u00f3mez","twitter_card":"summary_large_image","twitter_misc":{"Escrito por":"Enric G\u00f3mez"},"schema":{"@context":"https:\/\/schema.org","@graph":[{"@type":"Article","@id":"https:\/\/www.clubdelviatger.cat\/es\/durante-el-otono-tambien-se-viaja\/#article","isPartOf":{"@id":"https:\/\/www.clubdelviatger.cat\/es\/durante-el-otono-tambien-se-viaja\/"},"author":{"name":"Enric G\u00f3mez","@id":"https:\/\/www.clubdelviatger.cat\/es\/#\/schema\/person\/d1769a03b7cf663c5df357b68bc4a545"},"headline":"Durante el oto\u00f1o tambi\u00e9n se viaja","datePublished":"2019-10-03T12:28:33+00:00","mainEntityOfPage":{"@id":"https:\/\/www.clubdelviatger.cat\/es\/durante-el-otono-tambien-se-viaja\/"},"wordCount":1524,"commentCount":0,"publisher":{"@id":"https:\/\/www.clubdelviatger.cat\/es\/#organization"},"articleSection":["Actualidad"],"inLanguage":"es","potentialAction":[{"@type":"CommentAction","name":"Comment","target":["https:\/\/www.clubdelviatger.cat\/es\/durante-el-otono-tambien-se-viaja\/#respond"]}]},{"@type":"WebPage","@id":"https:\/\/www.clubdelviatger.cat\/es\/durante-el-otono-tambien-se-viaja\/","url":"https:\/\/www.clubdelviatger.cat\/es\/durante-el-otono-tambien-se-viaja\/","name":"Durante el oto\u00f1o tambi\u00e9n se viaja &#8226; Club del Viatger","isPartOf":{"@id":"https:\/\/www.clubdelviatger.cat\/es\/#website"},"datePublished":"2019-10-03T12:28:33+00:00","inLanguage":"es","potentialAction":[{"@type":"ReadAction","target":["https:\/\/www.clubdelviatger.cat\/es\/durante-el-otono-tambien-se-viaja\/"]}]},{"@type":"WebSite","@id":"https:\/\/www.clubdelviatger.cat\/es\/#website","url":"https:\/\/www.clubdelviatger.cat\/es\/","name":"Club del Viatger","description":"L&#039;\u00e8xit de qualsevol viatge, \u00e9s una bona companyia","publisher":{"@id":"https:\/\/www.clubdelviatger.cat\/es\/#organization"},"alternateName":"Club del Viatger","potentialAction":[{"@type":"SearchAction","target":{"@type":"EntryPoint","urlTemplate":"https:\/\/www.clubdelviatger.cat\/es\/?s={search_term_string}"},"query-input":{"@type":"PropertyValueSpecification","valueRequired":true,"valueName":"search_term_string"}}],"inLanguage":"es"},{"@type":"Organization","@id":"https:\/\/www.clubdelviatger.cat\/es\/#organization","name":"Club del Viatger","url":"https:\/\/www.clubdelviatger.cat\/es\/","logo":{"@type":"ImageObject","inLanguage":"es","@id":"https:\/\/www.clubdelviatger.cat\/es\/#\/schema\/logo\/image\/","url":"https:\/\/www.clubdelviatger.cat\/wp-content\/uploads\/2024\/08\/ClubViatger-logo_512x512.png","contentUrl":"https:\/\/www.clubdelviatger.cat\/wp-content\/uploads\/2024\/08\/ClubViatger-logo_512x512.png","width":512,"height":512,"caption":"Club del Viatger"},"image":{"@id":"https:\/\/www.clubdelviatger.cat\/es\/#\/schema\/logo\/image\/"},"sameAs":["https:\/\/www.facebook.com\/clubdelviatger.cat\/","https:\/\/www.instagram.com\/clubdelviatger\/","https:\/\/www.pinterest.es\/clubdelviatger\/","https:\/\/www.youtube.com\/channel\/UCMgt7TAxt_Ci4Y19BPJy28A\/feed"]},{"@type":"Person","@id":"https:\/\/www.clubdelviatger.cat\/es\/#\/schema\/person\/d1769a03b7cf663c5df357b68bc4a545","name":"Enric G\u00f3mez","image":{"@type":"ImageObject","inLanguage":"es","@id":"https:\/\/secure.gravatar.com\/avatar\/199378a53d8fd332facfa626e26765b3f6735a75e9c056e80bd62b6a88afc8ce?s=96&d=mm&r=g","url":"https:\/\/secure.gravatar.com\/avatar\/199378a53d8fd332facfa626e26765b3f6735a75e9c056e80bd62b6a88afc8ce?s=96&d=mm&r=g","contentUrl":"https:\/\/secure.gravatar.com\/avatar\/199378a53d8fd332facfa626e26765b3f6735a75e9c056e80bd62b6a88afc8ce?s=96&d=mm&r=g","caption":"Enric G\u00f3mez"},"sameAs":["https:\/\/www.clubdelviatger.cat"]}]}},"_links":{"self":[{"href":"https:\/\/www.clubdelviatger.cat\/es\/wp-json\/wp\/v2\/posts\/13313","targetHints":{"allow":["GET"]}}],"collection":[{"href":"https:\/\/www.clubdelviatger.cat\/es\/wp-json\/wp\/v2\/posts"}],"about":[{"href":"https:\/\/www.clubdelviatger.cat\/es\/wp-json\/wp\/v2\/types\/post"}],"author":[{"embeddable":true,"href":"https:\/\/www.clubdelviatger.cat\/es\/wp-json\/wp\/v2\/users\/1"}],"replies":[{"embeddable":true,"href":"https:\/\/www.clubdelviatger.cat\/es\/wp-json\/wp\/v2\/comments?post=13313"}],"version-history":[{"count":0,"href":"https:\/\/www.clubdelviatger.cat\/es\/wp-json\/wp\/v2\/posts\/13313\/revisions"}],"wp:attachment":[{"href":"https:\/\/www.clubdelviatger.cat\/es\/wp-json\/wp\/v2\/media?parent=13313"}],"wp:term":[{"taxonomy":"category","embeddable":true,"href":"https:\/\/www.clubdelviatger.cat\/es\/wp-json\/wp\/v2\/categories?post=13313"},{"taxonomy":"post_tag","embeddable":true,"href":"https:\/\/www.clubdelviatger.cat\/es\/wp-json\/wp\/v2\/tags?post=13313"}],"curies":[{"name":"wp","href":"https:\/\/api.w.org\/{rel}","templated":true}]}}