{"id":13309,"date":"2019-05-28T14:28:33","date_gmt":"2019-05-28T12:28:33","guid":{"rendered":"https:\/\/www.clubdelviatger.cat\/este-verano-refrescate-con-los-viajes-musicales-del-club\/"},"modified":"2019-05-28T14:28:33","modified_gmt":"2019-05-28T12:28:33","slug":"este-verano-refrescate-con-los-viajes-musicales-del-club","status":"publish","type":"post","link":"https:\/\/www.clubdelviatger.cat\/es\/este-verano-refrescate-con-los-viajes-musicales-del-club\/","title":{"rendered":"Este verano refrescate con los viajes musicales del Club"},"content":{"rendered":"<p>[vc_row][vc_column][vc_column_text]Durante este verano el<a href=\"https:\/\/www.clubdelviatger.cat\/es\/\"><em><strong> Club del Viatger<\/strong> <\/em><\/a>os propone, como no pod\u00eda ser de otra manera, 3 viajes donde la m\u00fasica es la principal protagonista.<\/p>\n<p><em><strong>Un m\u00e1gico y \u00fanico concierto de <a href=\"https:\/\/ca.wikipedia.org\/wiki\/Andrea_Bocelli\">Andrea Bocelli<\/a> en su Toscana natal, 33\u00aa edici\u00f3n del Festival de Peralada con el tenor Juan Diego Florez y la visita al Festival de Verdi, ganador del Premio como Mejor Festival del Mundo para conocer la vida del maestro musical Verdi.<\/strong><\/em><\/p>\n<h3><em><strong>Concierto de Andrea Bocelli en el Teatro del Silenzio en Lajatico  <\/strong><\/em><\/h3>\n<p>[\/vc_column_text][\/vc_column][\/vc_row][vc_row][vc_column width=\u00bb1\/2&#8243;][vc_column_text]<a href=\"https:\/\/ca.wikipedia.org\/wiki\/Andrea_Bocelli\"><em><strong>Andrea Bocelli<\/strong>  <\/em><\/a>es sin duda uno de los cantantes m\u00e1s carism\u00e1ticos y estimados del panorama musical actual del planeta. Su larga carrera como cantante, tenor, escritor y productor musical ha hecho que sea reconocido internacionalmente y que haya vendido m\u00e1s de 70 millones de discos en todo el mundo. Como cada verano, <a href=\"https:\/\/ca.wikipedia.org\/wiki\/Andrea_Bocelli\"><em><strong>Andrea Bocelli<\/strong><\/em><\/a> prepara un \u00fanico e inolvidable concierto en su pueblo natal, Lajatico. El espectacular escenario llamado <em>\u00abTeatro del Silenzio\u00bb<\/em> se encuentra meramente perdido en medio de las colinas de la Toscana y proporciona un ambiente m\u00e1gico para un concierto lleno de emociones con un p\u00fablico incondicional y bajo el cielo estrellado de la Toscana. Un espect\u00e1culo \u00fanico, de esos que pone la piel de gallina y que dif\u00edcilmente olvidaremos.    [\/vc_column_text][vc_column_text]<\/p>\n<h6 style=\"text-align: center;\">Del 23 al 26 de Julio<\/h6>\n<p>[\/vc_column_text][\/vc_column][vc_column width=\u00bb1\/2&#8243;][vc_single_image image=\u00bb29958&#8243; img_size=\u00bblarge\u00bb][vc_btn title=\u00bbQuiero saber m\u00e1s &#8230;.\u00bb color=\u00bbgreen\u00bb align=\u00bbright\u00bb link=\u00bburl:https%3A%2F%2Fwww.clubdelviatger.cat%2Fviatges%2Fconcert-dandrea-bocelli-al-teatro-del-silenzio-a-lajatico-toscana%2F||target:%20_blank|\u00bb][\/vc_column][\/vc_row][vc_row][vc_column][vc_column_text]<\/p>\n<h3><em><strong>Juan Diego Florez en el Festival de Peralada<\/strong><\/em><\/h3>\n<p>[\/vc_column_text][\/vc_column][\/vc_row][vc_row][vc_column width=\u00bb1\/2&#8243;][vc_column_text]Este a\u00f1o el <a href=\"https:\/\/www.festivalperalada.com\/ca\/\"><em><strong>Festival de Peralada<\/strong><\/em><\/a> celebra su 33\u00aa edici\u00f3n, y como siempre, presenta a sus seguidores un programa del m\u00e1s variado y para todos los gustos. Pero si este festival tiene una debilidad, es el tenor<a href=\"https:\/\/www.juandiegoflorez.com\/es\/\"><em><strong> <span class=\"hiddenSpellError\">Juan<\/span> Diego <span class=\"hiddenSpellError\">Florez<\/span><\/strong><\/em><\/a>, un artista que ha causado una profunda admiraci\u00f3n por su trayectoria.  Es una de las voces m\u00e1s deseadas y solicitadas por los mejores teatros de \u00f3pera de todo el mundo.<br \/>\nEn esta ocasi\u00f3n cantar\u00e1 junto a la joven soprano<a href=\"https:\/\/www.mantashyanruzan.com\/\"><em><strong> <span class=\"hiddenSpellError\">Ruzan<\/span> <span class=\"hiddenSpellError\">Mantashyan<\/span><\/strong><\/em><\/a> y el aclam\u00e1n director musical <a href=\"http:\/\/guillermogarciacalvo.com\/\"><span class=\"hiddenSpellError\">Guillermo<\/span> <span class=\"hiddenSpellError\">Garc\u00eda<\/span> <span class=\"hiddenSpellError\">Calvo<\/span> <\/a>que estar\u00e1 al frente de la <a href=\"http:\/\/www.osvalles.com\/\"><em><strong>Orquesta Sinf\u00f3nica del Vall\u00e8s.<\/strong><\/em><\/a><br \/>\nEl s\u00e1bado 9 de agosto el Festival de Peralada, apuesta sobre seguro por uno de los tenores m\u00e1s preciados de su generaci\u00f3n, y la joven soprano Ruzan aclamada por su musicalidad y arte teatral.[\/vc_column_text][vc_column_text]<\/p>\n<h6 style=\"text-align: center;\">S\u00e1bado, 9 de agosto<\/h6>\n<p>[\/vc_column_text][\/vc_column][vc_column width=\u00bb1\/2&#8243;][vc_single_image image=\u00bb29972&#8243; img_size=\u00bblarge\u00bb][vc_btn title=\u00bbQuiero saber m\u00e1s &#8230;.\u00bb color=\u00bbgreen\u00bb align=\u00bbright\u00bb link=\u00bburl:https%3A%2F%2Fwww.clubdelviatger.cat%2Fviatges%2Fjuan-diego-florez-al-festival-de-peralada%2F||target:%20_blank|\u00bb][\/vc_column][\/vc_row][vc_row][vc_column][vc_column_text]<\/p>\n<h3><em><strong>En el coraz\u00f3n de Verdi: Nabucco y Aida en el Festival Verdi en Parma y Busseto<\/strong><\/em><\/h3>\n<p>[\/vc_column_text][\/vc_column][\/vc_row][vc_row][vc_column width=\u00bb1\/2&#8243;][vc_column_text]\u00bfSab\u00edas que el<strong><em> Festival Verdi<\/em><\/strong> gan\u00f3 el Premio como Mejor Festival del mundo en los Premios Internacionales de \u00d3pera? El Festival Verdi 2019, se celebra en diferentes espacios de Emilia Romanya, nosotros iremos a ver <strong>Nabucco al Teatro Regio di Parma<\/strong>, el m\u00e1s prestigioso de los doce teatros de Parma y uno de los m\u00e1s c\u00e9lebres teatros l\u00edricos de Italia y <strong>Aida en el Teatro Giuseppe Verdi<\/strong>, situado dentro de la Rocca Pallavicino di Busseto un castillo de \u00e9poca medieval. Cada a\u00f1o los meses de septiembre y octubre se dedican a la m\u00fasica de Verdi y a los lugares que estar\u00e1n siempre relacionados con \u00e9l como Parma y Busseto que visitaremos intensamente, para respirar la misma atm\u00f3sfera, escuchar los mismos sonidos y disfrutar los olores y los colores que fueron una fuente de inspiraci\u00f3n para la Maestro!<\/p>\n<p>[\/vc_column_text][vc_column_text]<\/p>\n<h6 style=\"text-align: center;\">Del 28 de septiembre al 1 de octubre<\/h6>\n<p>[\/vc_column_text][\/vc_column][vc_column width=\u00bb1\/2&#8243;][vc_single_image image=\u00bb29037&#8243; img_size=\u00bblarge\u00bb][vc_btn title=\u00bbQuiero saber m\u00e1s &#8230;.\u00bb color=\u00bbgreen\u00bb align=\u00bbright\u00bb link=\u00bburl:https%3A%2F%2Fwww.clubdelviatger.cat%2Fviatges%2Ffestival-verdi%2F||target:%20_blank|\u00bb][\/vc_column][\/vc_row][vc_row][vc_column width=\u00bb1\/2&#8243;][vc_column_text]<\/p>\n<h3><em>Obra de NABUCCO de Giuseppe Verdi<\/em><\/h3>\n<p><a href=\"https:\/\/ca.wikipedia.org\/wiki\/Nabucco\"><strong><em>Nabucco<\/em> <\/strong><\/a>es la \u00f3pera de cuatro actos compuesta en 1841 por el maestro Verdi en un libreto italiano de temistocle Solera. Es la obra con la que verdi gana su reputaci\u00f3n como compositor. <a href=\"https:\/\/ca.wikipedia.org\/wiki\/Nabucco\"><strong>Nabucco<\/strong><\/a> fue compuesta en un per\u00edodo particularmente dif\u00edcil de la vida del compositor. Su esposa y sus dos hijos peque\u00f1os hab\u00edan muerto poco tiempo antes y Verdi hab\u00eda pr\u00e1cticamente decidido no volver a componer. El libreto de <a href=\"https:\/\/ca.wikipedia.org\/wiki\/Nabucco\"><strong>Nabucco <\/strong><\/a>le lleg\u00f3 a las manos casi de casualidad. La composici\u00f3n mampresa casi a desagrado dio como resultado una obra que cautiv\u00f3 a toda <a title=\"Italia\" href=\"https:\/\/ca.wikipedia.org\/wiki\/It%C3%A0lia\">Italia<\/a>. En el estreno, el papel de Abigail fue interpretado por <a title=\"Giuseppina Strepponi\" href=\"https:\/\/ca.wikipedia.org\/wiki\/Giuseppina_Strepponi\">Giuseppina Strepponi<\/a>, quien se convertir\u00eda en compa\u00f1era sentimental y luego esposa de Verdi.     <\/p>\n<blockquote><p>\u00abEsta es la \u00f3pera con la que empieza mi carrera art\u00edstica y, y aunque tuve dificultades, es cierto que Nabucco naci\u00f3 bajo una estrella afortunada\u00bb . <strong>Verdi<\/strong><\/p><\/blockquote>\n<p>Ten\u00eda raz\u00f3n: <a href=\"https:\/\/ca.wikipedia.org\/wiki\/Nabucco\"><strong>Nabucco <\/strong><\/a>fue un \u00e9xito inmediato, rebasando las \u00f3peras de <a title=\"Gaetano Donizetti\" href=\"https:\/\/ca.wikipedia.org\/wiki\/Gaetano_Donizetti\">Donizetti<\/a> y <a class=\"mw-redirect\" title=\"Pacini\" href=\"https:\/\/ca.wikipedia.org\/wiki\/Pacini\">Pacini<\/a>, que eran dominantes hasta entonces.[\/vc_column_text][vc_single_image image=\u00bb29944&#8243; img_size=\u00bbmedium\u00bb][\/vc_column][vc_column width=\u00bb1\/2&#8243;][vc_column_text]<\/p>\n<h3><em><strong>Obra de AIDA de Giuseppe Verdi  <\/strong><\/em><\/h3>\n<p><a title=\"Isma\u00efl Paix\u00e0\" href=\"https:\/\/ca.wikipedia.org\/wiki\/Isma%C3%AFl_Paix%C3%A0\">Ismail Pach\u00e1<\/a>, gobernador de <a title=\"\" href=\"https:\/\/ca.wikipedia.org\/wiki\/Egipte\">Egipto<\/a>, encarg\u00f3 a Verdi una \u00f3pera para representarla en enero de 1871, por la que le pag\u00f3 150.000 francos, pero el estreno se retras\u00f3 a causa de la guerra. El libreto de <a title=\"Pietro Metastasio\" href=\"https:\/\/ca.wikipedia.org\/wiki\/Pietro_Metastasio\">Metastasio<\/a>de <i>Nitteti<\/i> (1756) fue una fuente principal de la trama. Aida es una \u00f3pera de cuatro actos del libreto italiano de Antonio Ghislanzoni. Situada y ambientada en el antiguo Egipto, y estrenada en la ciudad de El Cairo ,el 24 de diciembre de 1871, en un espect\u00e1culo dirigido por Giovanni Bottesini. Su duraci\u00f3n fue de 3 horas con 2 intervalos. Verdi se acerc\u00f3 al g\u00e9nero de la <i><a title=\"Grand op\u00e9ra\" href=\"https:\/\/ca.wikipedia.org\/wiki\/Grand_op%C3%A9ra\">Grand Op\u00e9ra<\/a><\/i>, creando una obra espectacular, de gran despliegue de medios esc\u00e9nicos (grandes corazones, escenas y efectos especiales). La representaci\u00f3n fue grandiosa y el vestuario, los accesorios y la escenograf\u00eda para el estreno fueron dise\u00f1ados por Auguste Mariette. Aunque Verdi no acudi\u00f3 al estreno de El Cairo qued\u00f3 muy insatisfecho con el hecho de que la audiencia estuviera formada por dignatarios, pol\u00edticos y cr\u00edticos y no por el p\u00fablico en general. <\/p>\n<p>[\/vc_column_text][vc_single_image image=\u00bb29946&#8243; img_size=\u00bbmedium\u00bb][\/vc_column][\/vc_row][vc_row][vc_column][vc_column_text]<\/p>\n<blockquote>\n<h3 style=\"text-align: center;\"><em><strong>La m\u00fasica es el arte m\u00e1s directo, entra por el o\u00eddo y va directo al coraz\u00f3n<\/strong><\/em><\/h3>\n<\/blockquote>\n<p>[\/vc_column_text][\/vc_column][\/vc_row]<\/p>\n","protected":false},"excerpt":{"rendered":"<p>Durante este verano el Club del Viatger os propone, como no pod\u00eda ser de otra manera, 3 viajes donde la m\u00fasica es la principal protagonista.<br \/>\nUn m\u00e1gico y \u00fanico concierto de Andrea Bocelli en su Toscana natal, 33\u00aa edici\u00f3n del Festival de Peralada con el tenor Juan Diego Florez y la visita al Festival de Verdi, ganador del Premio como Mejor Festival del Mundo para conocer la vida del maestro musical Verdi.<\/p>\n","protected":false},"author":1,"featured_media":19373,"comment_status":"open","ping_status":"closed","sticky":false,"template":"","format":"standard","meta":{"footnotes":""},"categories":[97],"tags":[],"class_list":["post-13309","post","type-post","status-publish","format-standard","has-post-thumbnail","hentry","category-actualidad"],"yoast_head":"<!-- This site is optimized with the Yoast SEO plugin v27.5 - https:\/\/yoast.com\/product\/yoast-seo-wordpress\/ -->\n<title>Este verano refrescate con los viajes musicales del Club &#8226; Club del Viatger<\/title>\n<meta name=\"robots\" content=\"index, follow, max-snippet:-1, max-image-preview:large, max-video-preview:-1\" \/>\n<link rel=\"canonical\" href=\"https:\/\/www.clubdelviatger.cat\/es\/este-verano-refrescate-con-los-viajes-musicales-del-club\/\" \/>\n<meta property=\"og:locale\" content=\"es_ES\" \/>\n<meta property=\"og:type\" content=\"article\" \/>\n<meta property=\"og:title\" content=\"Este verano refrescate con los viajes musicales del Club &#8226; Club del Viatger\" \/>\n<meta property=\"og:description\" content=\"Durante este verano el Club del Viatger os propone, como no pod\u00eda ser de otra manera, 3 viajes donde la m\u00fasica es la principal protagonista. Un m\u00e1gico y \u00fanico concierto de Andrea Bocelli en su Toscana natal, 33\u00aa edici\u00f3n del Festival de Peralada con el tenor Juan Diego Florez y la visita al Festival de Verdi, ganador del Premio como Mejor Festival del Mundo para conocer la vida del maestro musical Verdi.\" \/>\n<meta property=\"og:url\" content=\"https:\/\/www.clubdelviatger.cat\/es\/este-verano-refrescate-con-los-viajes-musicales-del-club\/\" \/>\n<meta property=\"og:site_name\" content=\"Club del Viatger\" \/>\n<meta property=\"article:publisher\" content=\"https:\/\/www.facebook.com\/clubdelviatger.cat\/\" \/>\n<meta property=\"article:published_time\" content=\"2019-05-28T12:28:33+00:00\" \/>\n<meta property=\"og:image\" content=\"https:\/\/www.clubdelviatger.cat\/wp-content\/uploads\/2024\/10\/Vietnam-agost-1.png\" \/>\n\t<meta property=\"og:image:width\" content=\"800\" \/>\n\t<meta property=\"og:image:height\" content=\"450\" \/>\n\t<meta property=\"og:image:type\" content=\"image\/png\" \/>\n<meta name=\"author\" content=\"Enric G\u00f3mez\" \/>\n<meta name=\"twitter:card\" content=\"summary_large_image\" \/>\n<meta name=\"twitter:label1\" content=\"Escrito por\" \/>\n\t<meta name=\"twitter:data1\" content=\"Enric G\u00f3mez\" \/>\n<script type=\"application\/ld+json\" class=\"yoast-schema-graph\">{\"@context\":\"https:\\\/\\\/schema.org\",\"@graph\":[{\"@type\":\"Article\",\"@id\":\"https:\\\/\\\/www.clubdelviatger.cat\\\/es\\\/este-verano-refrescate-con-los-viajes-musicales-del-club\\\/#article\",\"isPartOf\":{\"@id\":\"https:\\\/\\\/www.clubdelviatger.cat\\\/es\\\/este-verano-refrescate-con-los-viajes-musicales-del-club\\\/\"},\"author\":{\"name\":\"Enric G\u00f3mez\",\"@id\":\"https:\\\/\\\/www.clubdelviatger.cat\\\/es\\\/#\\\/schema\\\/person\\\/d1769a03b7cf663c5df357b68bc4a545\"},\"headline\":\"Este verano refrescate con los viajes musicales del Club\",\"datePublished\":\"2019-05-28T12:28:33+00:00\",\"mainEntityOfPage\":{\"@id\":\"https:\\\/\\\/www.clubdelviatger.cat\\\/es\\\/este-verano-refrescate-con-los-viajes-musicales-del-club\\\/\"},\"wordCount\":1203,\"commentCount\":0,\"publisher\":{\"@id\":\"https:\\\/\\\/www.clubdelviatger.cat\\\/es\\\/#organization\"},\"image\":{\"@id\":\"https:\\\/\\\/www.clubdelviatger.cat\\\/es\\\/este-verano-refrescate-con-los-viajes-musicales-del-club\\\/#primaryimage\"},\"thumbnailUrl\":\"https:\\\/\\\/www.clubdelviatger.cat\\\/wp-content\\\/uploads\\\/2019\\\/05\\\/glowing-stage-light-illuminates-cheering-rock-fans-generated-by-ai-scaled.jpg\",\"articleSection\":[\"Actualidad\"],\"inLanguage\":\"es\",\"potentialAction\":[{\"@type\":\"CommentAction\",\"name\":\"Comment\",\"target\":[\"https:\\\/\\\/www.clubdelviatger.cat\\\/es\\\/este-verano-refrescate-con-los-viajes-musicales-del-club\\\/#respond\"]}]},{\"@type\":\"WebPage\",\"@id\":\"https:\\\/\\\/www.clubdelviatger.cat\\\/es\\\/este-verano-refrescate-con-los-viajes-musicales-del-club\\\/\",\"url\":\"https:\\\/\\\/www.clubdelviatger.cat\\\/es\\\/este-verano-refrescate-con-los-viajes-musicales-del-club\\\/\",\"name\":\"Este verano refrescate con los viajes musicales del Club &#8226; Club del Viatger\",\"isPartOf\":{\"@id\":\"https:\\\/\\\/www.clubdelviatger.cat\\\/es\\\/#website\"},\"primaryImageOfPage\":{\"@id\":\"https:\\\/\\\/www.clubdelviatger.cat\\\/es\\\/este-verano-refrescate-con-los-viajes-musicales-del-club\\\/#primaryimage\"},\"image\":{\"@id\":\"https:\\\/\\\/www.clubdelviatger.cat\\\/es\\\/este-verano-refrescate-con-los-viajes-musicales-del-club\\\/#primaryimage\"},\"thumbnailUrl\":\"https:\\\/\\\/www.clubdelviatger.cat\\\/wp-content\\\/uploads\\\/2019\\\/05\\\/glowing-stage-light-illuminates-cheering-rock-fans-generated-by-ai-scaled.jpg\",\"datePublished\":\"2019-05-28T12:28:33+00:00\",\"inLanguage\":\"es\",\"potentialAction\":[{\"@type\":\"ReadAction\",\"target\":[\"https:\\\/\\\/www.clubdelviatger.cat\\\/es\\\/este-verano-refrescate-con-los-viajes-musicales-del-club\\\/\"]}]},{\"@type\":\"ImageObject\",\"inLanguage\":\"es\",\"@id\":\"https:\\\/\\\/www.clubdelviatger.cat\\\/es\\\/este-verano-refrescate-con-los-viajes-musicales-del-club\\\/#primaryimage\",\"url\":\"https:\\\/\\\/www.clubdelviatger.cat\\\/wp-content\\\/uploads\\\/2019\\\/05\\\/glowing-stage-light-illuminates-cheering-rock-fans-generated-by-ai-scaled.jpg\",\"contentUrl\":\"https:\\\/\\\/www.clubdelviatger.cat\\\/wp-content\\\/uploads\\\/2019\\\/05\\\/glowing-stage-light-illuminates-cheering-rock-fans-generated-by-ai-scaled.jpg\",\"width\":2560,\"height\":1463,\"caption\":\"Glowing stage light illuminates cheering rock fans generated by artificial intelligence\"},{\"@type\":\"WebSite\",\"@id\":\"https:\\\/\\\/www.clubdelviatger.cat\\\/es\\\/#website\",\"url\":\"https:\\\/\\\/www.clubdelviatger.cat\\\/es\\\/\",\"name\":\"Club del Viatger\",\"description\":\"L&#039;\u00e8xit de qualsevol viatge, \u00e9s una bona companyia\",\"publisher\":{\"@id\":\"https:\\\/\\\/www.clubdelviatger.cat\\\/es\\\/#organization\"},\"alternateName\":\"Club del Viatger\",\"potentialAction\":[{\"@type\":\"SearchAction\",\"target\":{\"@type\":\"EntryPoint\",\"urlTemplate\":\"https:\\\/\\\/www.clubdelviatger.cat\\\/es\\\/?s={search_term_string}\"},\"query-input\":{\"@type\":\"PropertyValueSpecification\",\"valueRequired\":true,\"valueName\":\"search_term_string\"}}],\"inLanguage\":\"es\"},{\"@type\":\"Organization\",\"@id\":\"https:\\\/\\\/www.clubdelviatger.cat\\\/es\\\/#organization\",\"name\":\"Club del Viatger\",\"url\":\"https:\\\/\\\/www.clubdelviatger.cat\\\/es\\\/\",\"logo\":{\"@type\":\"ImageObject\",\"inLanguage\":\"es\",\"@id\":\"https:\\\/\\\/www.clubdelviatger.cat\\\/es\\\/#\\\/schema\\\/logo\\\/image\\\/\",\"url\":\"https:\\\/\\\/www.clubdelviatger.cat\\\/wp-content\\\/uploads\\\/2024\\\/08\\\/ClubViatger-logo_512x512.png\",\"contentUrl\":\"https:\\\/\\\/www.clubdelviatger.cat\\\/wp-content\\\/uploads\\\/2024\\\/08\\\/ClubViatger-logo_512x512.png\",\"width\":512,\"height\":512,\"caption\":\"Club del Viatger\"},\"image\":{\"@id\":\"https:\\\/\\\/www.clubdelviatger.cat\\\/es\\\/#\\\/schema\\\/logo\\\/image\\\/\"},\"sameAs\":[\"https:\\\/\\\/www.facebook.com\\\/clubdelviatger.cat\\\/\",\"https:\\\/\\\/www.instagram.com\\\/clubdelviatger\\\/\",\"https:\\\/\\\/www.pinterest.es\\\/clubdelviatger\\\/\",\"https:\\\/\\\/www.youtube.com\\\/channel\\\/UCMgt7TAxt_Ci4Y19BPJy28A\\\/feed\"]},{\"@type\":\"Person\",\"@id\":\"https:\\\/\\\/www.clubdelviatger.cat\\\/es\\\/#\\\/schema\\\/person\\\/d1769a03b7cf663c5df357b68bc4a545\",\"name\":\"Enric G\u00f3mez\",\"image\":{\"@type\":\"ImageObject\",\"inLanguage\":\"es\",\"@id\":\"https:\\\/\\\/secure.gravatar.com\\\/avatar\\\/199378a53d8fd332facfa626e26765b3f6735a75e9c056e80bd62b6a88afc8ce?s=96&d=mm&r=g\",\"url\":\"https:\\\/\\\/secure.gravatar.com\\\/avatar\\\/199378a53d8fd332facfa626e26765b3f6735a75e9c056e80bd62b6a88afc8ce?s=96&d=mm&r=g\",\"contentUrl\":\"https:\\\/\\\/secure.gravatar.com\\\/avatar\\\/199378a53d8fd332facfa626e26765b3f6735a75e9c056e80bd62b6a88afc8ce?s=96&d=mm&r=g\",\"caption\":\"Enric G\u00f3mez\"},\"sameAs\":[\"https:\\\/\\\/www.clubdelviatger.cat\"]}]}<\/script>\n<!-- \/ Yoast SEO plugin. -->","yoast_head_json":{"title":"Este verano refrescate con los viajes musicales del Club &#8226; Club del Viatger","robots":{"index":"index","follow":"follow","max-snippet":"max-snippet:-1","max-image-preview":"max-image-preview:large","max-video-preview":"max-video-preview:-1"},"canonical":"https:\/\/www.clubdelviatger.cat\/es\/este-verano-refrescate-con-los-viajes-musicales-del-club\/","og_locale":"es_ES","og_type":"article","og_title":"Este verano refrescate con los viajes musicales del Club &#8226; Club del Viatger","og_description":"Durante este verano el Club del Viatger os propone, como no pod\u00eda ser de otra manera, 3 viajes donde la m\u00fasica es la principal protagonista. Un m\u00e1gico y \u00fanico concierto de Andrea Bocelli en su Toscana natal, 33\u00aa edici\u00f3n del Festival de Peralada con el tenor Juan Diego Florez y la visita al Festival de Verdi, ganador del Premio como Mejor Festival del Mundo para conocer la vida del maestro musical Verdi.","og_url":"https:\/\/www.clubdelviatger.cat\/es\/este-verano-refrescate-con-los-viajes-musicales-del-club\/","og_site_name":"Club del Viatger","article_publisher":"https:\/\/www.facebook.com\/clubdelviatger.cat\/","article_published_time":"2019-05-28T12:28:33+00:00","og_image":[{"url":"https:\/\/www.clubdelviatger.cat\/wp-content\/uploads\/2024\/10\/Vietnam-agost-1.png","width":800,"height":450,"type":"image\/png"}],"author":"Enric G\u00f3mez","twitter_card":"summary_large_image","twitter_misc":{"Escrito por":"Enric G\u00f3mez"},"schema":{"@context":"https:\/\/schema.org","@graph":[{"@type":"Article","@id":"https:\/\/www.clubdelviatger.cat\/es\/este-verano-refrescate-con-los-viajes-musicales-del-club\/#article","isPartOf":{"@id":"https:\/\/www.clubdelviatger.cat\/es\/este-verano-refrescate-con-los-viajes-musicales-del-club\/"},"author":{"name":"Enric G\u00f3mez","@id":"https:\/\/www.clubdelviatger.cat\/es\/#\/schema\/person\/d1769a03b7cf663c5df357b68bc4a545"},"headline":"Este verano refrescate con los viajes musicales del Club","datePublished":"2019-05-28T12:28:33+00:00","mainEntityOfPage":{"@id":"https:\/\/www.clubdelviatger.cat\/es\/este-verano-refrescate-con-los-viajes-musicales-del-club\/"},"wordCount":1203,"commentCount":0,"publisher":{"@id":"https:\/\/www.clubdelviatger.cat\/es\/#organization"},"image":{"@id":"https:\/\/www.clubdelviatger.cat\/es\/este-verano-refrescate-con-los-viajes-musicales-del-club\/#primaryimage"},"thumbnailUrl":"https:\/\/www.clubdelviatger.cat\/wp-content\/uploads\/2019\/05\/glowing-stage-light-illuminates-cheering-rock-fans-generated-by-ai-scaled.jpg","articleSection":["Actualidad"],"inLanguage":"es","potentialAction":[{"@type":"CommentAction","name":"Comment","target":["https:\/\/www.clubdelviatger.cat\/es\/este-verano-refrescate-con-los-viajes-musicales-del-club\/#respond"]}]},{"@type":"WebPage","@id":"https:\/\/www.clubdelviatger.cat\/es\/este-verano-refrescate-con-los-viajes-musicales-del-club\/","url":"https:\/\/www.clubdelviatger.cat\/es\/este-verano-refrescate-con-los-viajes-musicales-del-club\/","name":"Este verano refrescate con los viajes musicales del Club &#8226; Club del Viatger","isPartOf":{"@id":"https:\/\/www.clubdelviatger.cat\/es\/#website"},"primaryImageOfPage":{"@id":"https:\/\/www.clubdelviatger.cat\/es\/este-verano-refrescate-con-los-viajes-musicales-del-club\/#primaryimage"},"image":{"@id":"https:\/\/www.clubdelviatger.cat\/es\/este-verano-refrescate-con-los-viajes-musicales-del-club\/#primaryimage"},"thumbnailUrl":"https:\/\/www.clubdelviatger.cat\/wp-content\/uploads\/2019\/05\/glowing-stage-light-illuminates-cheering-rock-fans-generated-by-ai-scaled.jpg","datePublished":"2019-05-28T12:28:33+00:00","inLanguage":"es","potentialAction":[{"@type":"ReadAction","target":["https:\/\/www.clubdelviatger.cat\/es\/este-verano-refrescate-con-los-viajes-musicales-del-club\/"]}]},{"@type":"ImageObject","inLanguage":"es","@id":"https:\/\/www.clubdelviatger.cat\/es\/este-verano-refrescate-con-los-viajes-musicales-del-club\/#primaryimage","url":"https:\/\/www.clubdelviatger.cat\/wp-content\/uploads\/2019\/05\/glowing-stage-light-illuminates-cheering-rock-fans-generated-by-ai-scaled.jpg","contentUrl":"https:\/\/www.clubdelviatger.cat\/wp-content\/uploads\/2019\/05\/glowing-stage-light-illuminates-cheering-rock-fans-generated-by-ai-scaled.jpg","width":2560,"height":1463,"caption":"Glowing stage light illuminates cheering rock fans generated by artificial intelligence"},{"@type":"WebSite","@id":"https:\/\/www.clubdelviatger.cat\/es\/#website","url":"https:\/\/www.clubdelviatger.cat\/es\/","name":"Club del Viatger","description":"L&#039;\u00e8xit de qualsevol viatge, \u00e9s una bona companyia","publisher":{"@id":"https:\/\/www.clubdelviatger.cat\/es\/#organization"},"alternateName":"Club del Viatger","potentialAction":[{"@type":"SearchAction","target":{"@type":"EntryPoint","urlTemplate":"https:\/\/www.clubdelviatger.cat\/es\/?s={search_term_string}"},"query-input":{"@type":"PropertyValueSpecification","valueRequired":true,"valueName":"search_term_string"}}],"inLanguage":"es"},{"@type":"Organization","@id":"https:\/\/www.clubdelviatger.cat\/es\/#organization","name":"Club del Viatger","url":"https:\/\/www.clubdelviatger.cat\/es\/","logo":{"@type":"ImageObject","inLanguage":"es","@id":"https:\/\/www.clubdelviatger.cat\/es\/#\/schema\/logo\/image\/","url":"https:\/\/www.clubdelviatger.cat\/wp-content\/uploads\/2024\/08\/ClubViatger-logo_512x512.png","contentUrl":"https:\/\/www.clubdelviatger.cat\/wp-content\/uploads\/2024\/08\/ClubViatger-logo_512x512.png","width":512,"height":512,"caption":"Club del Viatger"},"image":{"@id":"https:\/\/www.clubdelviatger.cat\/es\/#\/schema\/logo\/image\/"},"sameAs":["https:\/\/www.facebook.com\/clubdelviatger.cat\/","https:\/\/www.instagram.com\/clubdelviatger\/","https:\/\/www.pinterest.es\/clubdelviatger\/","https:\/\/www.youtube.com\/channel\/UCMgt7TAxt_Ci4Y19BPJy28A\/feed"]},{"@type":"Person","@id":"https:\/\/www.clubdelviatger.cat\/es\/#\/schema\/person\/d1769a03b7cf663c5df357b68bc4a545","name":"Enric G\u00f3mez","image":{"@type":"ImageObject","inLanguage":"es","@id":"https:\/\/secure.gravatar.com\/avatar\/199378a53d8fd332facfa626e26765b3f6735a75e9c056e80bd62b6a88afc8ce?s=96&d=mm&r=g","url":"https:\/\/secure.gravatar.com\/avatar\/199378a53d8fd332facfa626e26765b3f6735a75e9c056e80bd62b6a88afc8ce?s=96&d=mm&r=g","contentUrl":"https:\/\/secure.gravatar.com\/avatar\/199378a53d8fd332facfa626e26765b3f6735a75e9c056e80bd62b6a88afc8ce?s=96&d=mm&r=g","caption":"Enric G\u00f3mez"},"sameAs":["https:\/\/www.clubdelviatger.cat"]}]}},"_links":{"self":[{"href":"https:\/\/www.clubdelviatger.cat\/es\/wp-json\/wp\/v2\/posts\/13309","targetHints":{"allow":["GET"]}}],"collection":[{"href":"https:\/\/www.clubdelviatger.cat\/es\/wp-json\/wp\/v2\/posts"}],"about":[{"href":"https:\/\/www.clubdelviatger.cat\/es\/wp-json\/wp\/v2\/types\/post"}],"author":[{"embeddable":true,"href":"https:\/\/www.clubdelviatger.cat\/es\/wp-json\/wp\/v2\/users\/1"}],"replies":[{"embeddable":true,"href":"https:\/\/www.clubdelviatger.cat\/es\/wp-json\/wp\/v2\/comments?post=13309"}],"version-history":[{"count":0,"href":"https:\/\/www.clubdelviatger.cat\/es\/wp-json\/wp\/v2\/posts\/13309\/revisions"}],"wp:featuredmedia":[{"embeddable":true,"href":"https:\/\/www.clubdelviatger.cat\/es\/wp-json\/wp\/v2\/media\/19373"}],"wp:attachment":[{"href":"https:\/\/www.clubdelviatger.cat\/es\/wp-json\/wp\/v2\/media?parent=13309"}],"wp:term":[{"taxonomy":"category","embeddable":true,"href":"https:\/\/www.clubdelviatger.cat\/es\/wp-json\/wp\/v2\/categories?post=13309"},{"taxonomy":"post_tag","embeddable":true,"href":"https:\/\/www.clubdelviatger.cat\/es\/wp-json\/wp\/v2\/tags?post=13309"}],"curies":[{"name":"wp","href":"https:\/\/api.w.org\/{rel}","templated":true}]}}